{"id":553,"date":"2019-11-11T18:42:41","date_gmt":"2019-11-11T17:42:41","guid":{"rendered":"https:\/\/www.astrogarrotxa.cat\/?p=553"},"modified":"2019-11-11T18:48:04","modified_gmt":"2019-11-11T17:48:04","slug":"transit-de-mercuri-per-davant-del-sol-observacions","status":"publish","type":"post","link":"https:\/\/www.astrogarrotxa.cat\/?p=553","title":{"rendered":"Tr\u00e0nsit de Mercuri per davant del Sol (Observacions)"},"content":{"rendered":"\n<p>Aquesta tarda de l&#8217;11 de novembre del 2019 hem pogut gaudir de l&#8217;espectacle de l&#8217;<strong>aliniaici\u00f3 dels planetes Mercuri i Terra amb el Sol<\/strong>. Alguns dels nostres associats han preparat els seus equips per a fer seguiment amb la seguretat necess\u00e0ria per a que no fos nociu pels ulls.<\/p>\n\n\n\n<figure class=\"wp-block-image\"><img loading=\"lazy\" decoding=\"async\" width=\"1024\" height=\"768\" src=\"https:\/\/www.astrogarrotxa.cat\/wp-content\/uploads\/2019\/11\/1-1024x768.jpg\" alt=\"\" class=\"wp-image-555\" srcset=\"https:\/\/www.astrogarrotxa.cat\/wp-content\/uploads\/2019\/11\/1-1024x768.jpg 1024w, https:\/\/www.astrogarrotxa.cat\/wp-content\/uploads\/2019\/11\/1-300x225.jpg 300w, https:\/\/www.astrogarrotxa.cat\/wp-content\/uploads\/2019\/11\/1-768x576.jpg 768w, https:\/\/www.astrogarrotxa.cat\/wp-content\/uploads\/2019\/11\/1-400x300.jpg 400w, https:\/\/www.astrogarrotxa.cat\/wp-content\/uploads\/2019\/11\/1.jpg 2048w\" sizes=\"(max-width: 1024px) 100vw, 1024px\" \/><\/figure>\n\n\n\n<figure class=\"wp-block-image\"><img loading=\"lazy\" decoding=\"async\" width=\"768\" height=\"1024\" src=\"https:\/\/www.astrogarrotxa.cat\/wp-content\/uploads\/2019\/11\/2-768x1024.jpg\" alt=\"\" class=\"wp-image-556\" srcset=\"https:\/\/www.astrogarrotxa.cat\/wp-content\/uploads\/2019\/11\/2-768x1024.jpg 768w, https:\/\/www.astrogarrotxa.cat\/wp-content\/uploads\/2019\/11\/2-225x300.jpg 225w, https:\/\/www.astrogarrotxa.cat\/wp-content\/uploads\/2019\/11\/2.jpg 1512w\" sizes=\"(max-width: 768px) 100vw, 768px\" \/><\/figure>\n\n\n\n<p>I puntualment, tal com estava previst, a les 16:30h <strong>Mercuri <\/strong>ha entrat en escena i s&#8217;ha pogut observar perfectament sobre del disc solar, una  petita ombra en contrast al nostre brillant astre que s&#8217;ha anat  passejant al llarg de les hores que ha durat aquest fenomen tan poc freq\u00fcent. <\/p>\n\n\n\n<figure class=\"wp-block-image\"><img loading=\"lazy\" decoding=\"async\" width=\"1024\" height=\"683\" src=\"https:\/\/www.astrogarrotxa.cat\/wp-content\/uploads\/2019\/11\/20191111_transit_Mercuri_astrogarrotxa-1024x683.jpg\" alt=\"\" class=\"wp-image-554\" srcset=\"https:\/\/www.astrogarrotxa.cat\/wp-content\/uploads\/2019\/11\/20191111_transit_Mercuri_astrogarrotxa-1024x683.jpg 1024w, https:\/\/www.astrogarrotxa.cat\/wp-content\/uploads\/2019\/11\/20191111_transit_Mercuri_astrogarrotxa-300x200.jpg 300w, https:\/\/www.astrogarrotxa.cat\/wp-content\/uploads\/2019\/11\/20191111_transit_Mercuri_astrogarrotxa-768x512.jpg 768w, https:\/\/www.astrogarrotxa.cat\/wp-content\/uploads\/2019\/11\/20191111_transit_Mercuri_astrogarrotxa-450x300.jpg 450w, https:\/\/www.astrogarrotxa.cat\/wp-content\/uploads\/2019\/11\/20191111_transit_Mercuri_astrogarrotxa.jpg 1063w\" sizes=\"(max-width: 1024px) 100vw, 1024px\" \/><figcaption>Seq\u00fc\u00e8ncia de fotografies: Carles Gil<\/figcaption><\/figure>\n\n\n\n<p>A partir d&#8217;ara, no hi haur\u00e0 un altre tr\u00e0nsit de Mercuri fins al 13 de novembre de 2032. I els seg\u00fcents seran el 7 de novembre de 2039 i el 7 de maig de 2049. <\/p>\n","protected":false},"excerpt":{"rendered":"<p>Aquesta tarda de l&#8217;11 de novembre del 2019 hem pogut gaudir de l&#8217;espectacle de l&#8217;aliniaici\u00f3 dels planetes Mercuri i Terra amb el Sol. Alguns dels nostres associats han preparat els seus equips per a fer seguiment amb la seguretat necess\u00e0ria per a que no fos nociu pels ulls. I puntualment, tal com estava previst, a [&hellip;]<\/p>\n","protected":false},"author":3,"featured_media":0,"comment_status":"closed","ping_status":"open","sticky":false,"template":"","format":"standard","meta":{"footnotes":""},"categories":[4,13,8],"tags":[],"class_list":["post-553","post","type-post","status-publish","format-standard","hentry","category-astrofotografia","category-efemerides","category-planetes"],"_links":{"self":[{"href":"https:\/\/www.astrogarrotxa.cat\/index.php?rest_route=\/wp\/v2\/posts\/553"}],"collection":[{"href":"https:\/\/www.astrogarrotxa.cat\/index.php?rest_route=\/wp\/v2\/posts"}],"about":[{"href":"https:\/\/www.astrogarrotxa.cat\/index.php?rest_route=\/wp\/v2\/types\/post"}],"author":[{"embeddable":true,"href":"https:\/\/www.astrogarrotxa.cat\/index.php?rest_route=\/wp\/v2\/users\/3"}],"replies":[{"embeddable":true,"href":"https:\/\/www.astrogarrotxa.cat\/index.php?rest_route=%2Fwp%2Fv2%2Fcomments&post=553"}],"version-history":[{"count":1,"href":"https:\/\/www.astrogarrotxa.cat\/index.php?rest_route=\/wp\/v2\/posts\/553\/revisions"}],"predecessor-version":[{"id":557,"href":"https:\/\/www.astrogarrotxa.cat\/index.php?rest_route=\/wp\/v2\/posts\/553\/revisions\/557"}],"wp:attachment":[{"href":"https:\/\/www.astrogarrotxa.cat\/index.php?rest_route=%2Fwp%2Fv2%2Fmedia&parent=553"}],"wp:term":[{"taxonomy":"category","embeddable":true,"href":"https:\/\/www.astrogarrotxa.cat\/index.php?rest_route=%2Fwp%2Fv2%2Fcategories&post=553"},{"taxonomy":"post_tag","embeddable":true,"href":"https:\/\/www.astrogarrotxa.cat\/index.php?rest_route=%2Fwp%2Fv2%2Ftags&post=553"}],"curies":[{"name":"wp","href":"https:\/\/api.w.org\/{rel}","templated":true}]}}