{"id":527,"date":"2019-08-02T08:59:22","date_gmt":"2019-08-02T06:59:22","guid":{"rendered":"https:\/\/www.astrogarrotxa.cat\/?p=527"},"modified":"2019-08-02T08:59:22","modified_gmt":"2019-08-02T06:59:22","slug":"activitats-de-mirant-el-cel-i-nits-de-lluna-plena-agost-2019","status":"publish","type":"post","link":"https:\/\/www.astrogarrotxa.cat\/?p=527","title":{"rendered":"Activitats de \u00abMirant el Cel\u00bb i \u00abNits de Lluna Plena\u00bb (agost 2019)"},"content":{"rendered":"\n<figure class=\"wp-block-image\"><img loading=\"lazy\" decoding=\"async\" width=\"1024\" height=\"658\" src=\"https:\/\/www.astrogarrotxa.cat\/wp-content\/uploads\/2019\/07\/DolorsBoatella-Mirant-el-Cel-negre-1024x658.jpg\" alt=\"\" class=\"wp-image-486\" srcset=\"https:\/\/www.astrogarrotxa.cat\/wp-content\/uploads\/2019\/07\/DolorsBoatella-Mirant-el-Cel-negre-1024x658.jpg 1024w, https:\/\/www.astrogarrotxa.cat\/wp-content\/uploads\/2019\/07\/DolorsBoatella-Mirant-el-Cel-negre-300x193.jpg 300w, https:\/\/www.astrogarrotxa.cat\/wp-content\/uploads\/2019\/07\/DolorsBoatella-Mirant-el-Cel-negre-768x494.jpg 768w, https:\/\/www.astrogarrotxa.cat\/wp-content\/uploads\/2019\/07\/DolorsBoatella-Mirant-el-Cel-negre-467x300.jpg 467w, https:\/\/www.astrogarrotxa.cat\/wp-content\/uploads\/2019\/07\/DolorsBoatella-Mirant-el-Cel-negre.jpg 2048w\" sizes=\"(max-width: 1024px) 100vw, 1024px\" \/><\/figure>\n\n\n\n<p>Mitjan\u00e7ant l\u2019activitat de <strong>Mirant el Cel<\/strong>, descobreix els misteris del cel d\u2019estiu des de l\u2019<strong>Observatori Astron\u00f2mic de Batet de la Serra<\/strong>. La visita consisteix en projeccions d\u2019imatges i d\u2019un audiovisual dins la sala. A continuaci\u00f3, a l\u2019exterior de l\u2019Observatori, <strong>contemplarem les estrelles<\/strong>, les <strong>constel\u00b7lacions<\/strong> i els <strong>planetes<\/strong> guiats de la m\u00e0 d\u2019un expert d\u2019Astrogarrotxa, sota l\u2019esfera celeste en les refrescants nits d\u2019estiu. Tamb\u00e9 es far\u00e0 <strong>observaci\u00f3 del cel a trav\u00e9s del telescopi<\/strong>, situat a la c\u00fapula girat\u00f2ria.<\/p>\n\n\n\n<p>Si l\u2019activitat consisteix en <strong>Nit de Lluna Plena<\/strong>, coneixerem de ben a prop la <strong>Lluna<\/strong>,\n amb l\u2019ajuda  de projeccions i es far\u00e0 una breu passejada sota el clar \nde lluna, que  ens endinsar\u00e0 en els sons del bosc. La llum de la lluna \noferir\u00e0 un  paisatge diferent en les fresques nits d\u2019estiu. Estirats \nc\u00f2modament en  un prat, podrem con\u00e8ixer constel\u00b7lacions i estels de la \nm\u00e0 d\u2019un expert  d\u2019AstroGarrotxa. Un cop de tornada a l\u2019Observatori, \npodrem veure la lluna i els seus cr\u00e0ters a trav\u00e9s del telescopi. <\/p>\n\n\n\n<p>L\u2019activitat finalitzar\u00e0 amb un petit refrigeri.<\/p>\n\n\n\n<p>Dates disponibles Mirant el Cel: <strong>2, 3, 9, 10, 11, 30, 31<\/strong> d&#8217;agost, a les <strong>22:15h<\/strong><br>Dates disponibles Nit de Lluna Plena: <strong>14, 15, 16, i 17<\/strong> d&#8217;agost, a les <strong>22:15h<\/strong> <br>Lloc: <strong><a href=\"https:\/\/goo.gl\/maps\/8eLPoQhK5oSiziV29\">Observatori Astron\u00f2mic de Batet de la Serra<\/a><\/strong> (fes click per a la ubicaci\u00f3 al Google Maps)<br>Preus: <strong>5\u20ac<\/strong> (fins a 10 anys) \/ <strong>10\u20ac<\/strong> (a partir d\u201911 anys)<br>Durada: <strong>90 minuts<\/strong><br>Inscripcions:  <strong>Oficina de Turisme d\u2019Olot<\/strong> (turisme@olot.cat  972260141) <\/p>\n\n\n\n<p>Podeu trobar <strong>la resta de dates d\u2019observacions<\/strong> previstes per aquest estiu 2019 fent <a href=\"https:\/\/www.astrogarrotxa.cat\/?page_id=139\">cl<\/a><a href=\"https:\/\/www.astrogarrotxa.cat\/?post_type=tribe_events&amp;tribe_events_display=month\">ick sobre l\u2019enlla\u00e7 d\u2019activitats d\u2019Astrograrrotxa<\/a>.<\/p>\n","protected":false},"excerpt":{"rendered":"<p>Mitjan\u00e7ant l\u2019activitat de Mirant el Cel, descobreix els misteris del cel d\u2019estiu des de l\u2019Observatori Astron\u00f2mic de Batet de la Serra. La visita consisteix en projeccions d\u2019imatges i d\u2019un audiovisual dins la sala. A continuaci\u00f3, a l\u2019exterior de l\u2019Observatori, contemplarem les estrelles, les constel\u00b7lacions i els planetes guiats de la m\u00e0 d\u2019un expert d\u2019Astrogarrotxa, sota [&hellip;]<\/p>\n","protected":false},"author":3,"featured_media":0,"comment_status":"closed","ping_status":"open","sticky":false,"template":"","format":"standard","meta":{"footnotes":""},"categories":[2],"tags":[],"class_list":["post-527","post","type-post","status-publish","format-standard","hentry","category-activitats-publiques"],"_links":{"self":[{"href":"https:\/\/www.astrogarrotxa.cat\/index.php?rest_route=\/wp\/v2\/posts\/527"}],"collection":[{"href":"https:\/\/www.astrogarrotxa.cat\/index.php?rest_route=\/wp\/v2\/posts"}],"about":[{"href":"https:\/\/www.astrogarrotxa.cat\/index.php?rest_route=\/wp\/v2\/types\/post"}],"author":[{"embeddable":true,"href":"https:\/\/www.astrogarrotxa.cat\/index.php?rest_route=\/wp\/v2\/users\/3"}],"replies":[{"embeddable":true,"href":"https:\/\/www.astrogarrotxa.cat\/index.php?rest_route=%2Fwp%2Fv2%2Fcomments&post=527"}],"version-history":[{"count":1,"href":"https:\/\/www.astrogarrotxa.cat\/index.php?rest_route=\/wp\/v2\/posts\/527\/revisions"}],"predecessor-version":[{"id":528,"href":"https:\/\/www.astrogarrotxa.cat\/index.php?rest_route=\/wp\/v2\/posts\/527\/revisions\/528"}],"wp:attachment":[{"href":"https:\/\/www.astrogarrotxa.cat\/index.php?rest_route=%2Fwp%2Fv2%2Fmedia&parent=527"}],"wp:term":[{"taxonomy":"category","embeddable":true,"href":"https:\/\/www.astrogarrotxa.cat\/index.php?rest_route=%2Fwp%2Fv2%2Fcategories&post=527"},{"taxonomy":"post_tag","embeddable":true,"href":"https:\/\/www.astrogarrotxa.cat\/index.php?rest_route=%2Fwp%2Fv2%2Ftags&post=527"}],"curies":[{"name":"wp","href":"https:\/\/api.w.org\/{rel}","templated":true}]}}