{"id":488,"date":"2019-07-08T18:13:17","date_gmt":"2019-07-08T16:13:17","guid":{"rendered":"https:\/\/www.astrogarrotxa.cat\/?p=488"},"modified":"2019-07-09T08:30:17","modified_gmt":"2019-07-09T06:30:17","slug":"el-planeta-jupiter","status":"publish","type":"post","link":"https:\/\/www.astrogarrotxa.cat\/?p=488","title":{"rendered":"El Planeta J\u00fapiter"},"content":{"rendered":"\n<figure class=\"wp-block-image\"><img loading=\"lazy\" decoding=\"async\" width=\"441\" height=\"323\" src=\"https:\/\/www.astrogarrotxa.cat\/wp-content\/uploads\/2019\/07\/20190705_jupiter_astrogarrotxa.jpg\" alt=\"\" class=\"wp-image-489\" srcset=\"https:\/\/www.astrogarrotxa.cat\/wp-content\/uploads\/2019\/07\/20190705_jupiter_astrogarrotxa.jpg 441w, https:\/\/www.astrogarrotxa.cat\/wp-content\/uploads\/2019\/07\/20190705_jupiter_astrogarrotxa-300x220.jpg 300w, https:\/\/www.astrogarrotxa.cat\/wp-content\/uploads\/2019\/07\/20190705_jupiter_astrogarrotxa-410x300.jpg 410w\" sizes=\"(max-width: 441px) 100vw, 441px\" \/><\/figure>\n\n\n\n<p>Aquest estiu del 2019 ens d\u00f3na la possibilitat d&#8217;observar c\u00f2modament el planeta <strong>J\u00fapiter<\/strong>, ja que est\u00e0 en oposici\u00f3 (i aix\u00ed el tenim en la m\u00ednima dist\u00e0ncia de la Terra). J\u00fapiter \u00e9s <strong>el planeta m\u00e9s gran del Sistema Sola<\/strong>r, i \u00e9s una gran bombolla de gas de diferents tonalitats, observables des d&#8217;un petit telescopi. Aquestes tonalitats s\u00f3n l&#8217;atmosfera del planeta, format tamb\u00e9 d&#8217;altes i baixes pressions.<\/p>\n\n\n\n<p>Aprofitant l&#8217;abs\u00e8ncia de lluna, i emprant el telescopi de l&#8217;Observatori de Batet, ens v\u00e0rem dedicar a fer <strong>fotografia planet\u00e0ria<\/strong> per aconseguir m\u00e9s detall que el que s&#8217;observa a simple vista. I com a primer intent, mostrem orgullosos el resultat, ja que fins i tot vam ca\u00e7ar <strong>la Gran Taca Vermella<\/strong> (la tempesta tropical m\u00e9s caracter\u00edstica del planeta).<\/p>\n\n\n\n<p>La fotografia ha estat realitzada per <strong>Xevi Coromina<\/strong>, <strong>Quim Casas<\/strong> i <strong>Jordi Esquerr\u00e0<\/strong>, tots tres d\u2019<strong>Astrogarrotxa<\/strong>, el 5 de juliol del 2019, amb les seg\u00fcents caracter\u00edstiques:<br>  Telescopi: Celestron C14<br>  CCD: ASI 120 MC Color<\/p>\n","protected":false},"excerpt":{"rendered":"<p>Aquest estiu del 2019 ens d\u00f3na la possibilitat d&#8217;observar c\u00f2modament el planeta J\u00fapiter, ja que est\u00e0 en oposici\u00f3 (i aix\u00ed el tenim en la m\u00ednima dist\u00e0ncia de la Terra). J\u00fapiter \u00e9s el planeta m\u00e9s gran del Sistema Solar, i \u00e9s una gran bombolla de gas de diferents tonalitats, observables des d&#8217;un petit telescopi. Aquestes tonalitats [&hellip;]<\/p>\n","protected":false},"author":3,"featured_media":0,"comment_status":"closed","ping_status":"open","sticky":false,"template":"","format":"standard","meta":{"footnotes":""},"categories":[4,8],"tags":[],"class_list":["post-488","post","type-post","status-publish","format-standard","hentry","category-astrofotografia","category-planetes"],"_links":{"self":[{"href":"https:\/\/www.astrogarrotxa.cat\/index.php?rest_route=\/wp\/v2\/posts\/488"}],"collection":[{"href":"https:\/\/www.astrogarrotxa.cat\/index.php?rest_route=\/wp\/v2\/posts"}],"about":[{"href":"https:\/\/www.astrogarrotxa.cat\/index.php?rest_route=\/wp\/v2\/types\/post"}],"author":[{"embeddable":true,"href":"https:\/\/www.astrogarrotxa.cat\/index.php?rest_route=\/wp\/v2\/users\/3"}],"replies":[{"embeddable":true,"href":"https:\/\/www.astrogarrotxa.cat\/index.php?rest_route=%2Fwp%2Fv2%2Fcomments&post=488"}],"version-history":[{"count":3,"href":"https:\/\/www.astrogarrotxa.cat\/index.php?rest_route=\/wp\/v2\/posts\/488\/revisions"}],"predecessor-version":[{"id":492,"href":"https:\/\/www.astrogarrotxa.cat\/index.php?rest_route=\/wp\/v2\/posts\/488\/revisions\/492"}],"wp:attachment":[{"href":"https:\/\/www.astrogarrotxa.cat\/index.php?rest_route=%2Fwp%2Fv2%2Fmedia&parent=488"}],"wp:term":[{"taxonomy":"category","embeddable":true,"href":"https:\/\/www.astrogarrotxa.cat\/index.php?rest_route=%2Fwp%2Fv2%2Fcategories&post=488"},{"taxonomy":"post_tag","embeddable":true,"href":"https:\/\/www.astrogarrotxa.cat\/index.php?rest_route=%2Fwp%2Fv2%2Ftags&post=488"}],"curies":[{"name":"wp","href":"https:\/\/api.w.org\/{rel}","templated":true}]}}