{"id":433,"date":"2019-06-21T11:09:08","date_gmt":"2019-06-21T09:09:08","guid":{"rendered":"https:\/\/www.astrogarrotxa.cat\/?p=433"},"modified":"2019-06-21T11:14:59","modified_gmt":"2019-06-21T09:14:59","slug":"xerrada-la-gran-fita-del-apollo-xi-al-cafe-art-fontanella-xii","status":"publish","type":"post","link":"https:\/\/www.astrogarrotxa.cat\/?p=433","title":{"rendered":"Xerrada \u00abLa Gran Fita del Apollo XI\u00bb al Caf\u00e8 Art Fontanella XII"},"content":{"rendered":"\n<p>Aquest any 2019 es celebra el <strong>50\u00e8 aniversari de l\u2019arribada dels humans a la Lluna<\/strong>. Per a commemorar aquest esdeveniment, l\u2019<strong>Associaci\u00f3 Astron\u00f2mica de la Garrotxa<\/strong>  organitza una xerrada per a explicar com es va aconseguir aquesta extraordin\u00e0ria fita, i reflexionar sobre el perqu\u00e8 ha tingut, t\u00e9 i tindr\u00e0 import\u00e0ncia en la nostra hist\u00f2ria.<\/p>\n\n\n\n<p>La confer\u00e8ncia cont\u00e9 una <strong>breu introducci\u00f3 hist\u00f2rica<\/strong> per a saber perqu\u00e8 es va proposar d&#8217;anar a la Lluna, una explicaci\u00f3 de les <strong>parts de la nau Apollo XI<\/strong> i del seu coet propulsor Saturn V, i la <strong>descripci\u00f3 del tot viatge<\/strong> (des del seu llan\u00e7ament a la reintroducci\u00f3 a l&#8217;atmosfera terrestre, passant pel descens a la superf\u00edcie del nostre sat\u00e8l\u00b7lit natural, i pel passeig lunar).<\/p>\n\n\n\n<p>Lloc: <strong>Caf\u00e8 Art Fontanella XII <\/strong>(C\/ Pere Joan Fontanella, 12, Olot)<br>Data: <strong>5 de juliol del 2019<\/strong><br>Hora: <strong>19:00h<\/strong> (Durada: 45 minuts)<br><strong>Entrada Lliure<\/strong><\/p>\n\n\n\n<figure class=\"wp-block-image\"><img loading=\"lazy\" decoding=\"async\" width=\"724\" height=\"1024\" src=\"https:\/\/www.astrogarrotxa.cat\/wp-content\/uploads\/2019\/06\/Cartell_bo_LR-724x1024.png\" alt=\"\" class=\"wp-image-435\" srcset=\"https:\/\/www.astrogarrotxa.cat\/wp-content\/uploads\/2019\/06\/Cartell_bo_LR-724x1024.png 724w, https:\/\/www.astrogarrotxa.cat\/wp-content\/uploads\/2019\/06\/Cartell_bo_LR-212x300.png 212w, https:\/\/www.astrogarrotxa.cat\/wp-content\/uploads\/2019\/06\/Cartell_bo_LR-768x1086.png 768w, https:\/\/www.astrogarrotxa.cat\/wp-content\/uploads\/2019\/06\/Cartell_bo_LR.png 800w\" sizes=\"(max-width: 724px) 100vw, 724px\" \/><\/figure>\n","protected":false},"excerpt":{"rendered":"<p>Aquest any 2019 es celebra el 50\u00e8 aniversari de l\u2019arribada dels humans a la Lluna. Per a commemorar aquest esdeveniment, l\u2019Associaci\u00f3 Astron\u00f2mica de la Garrotxa organitza una xerrada per a explicar com es va aconseguir aquesta extraordin\u00e0ria fita, i reflexionar sobre el perqu\u00e8 ha tingut, t\u00e9 i tindr\u00e0 import\u00e0ncia en la nostra hist\u00f2ria. La confer\u00e8ncia [&hellip;]<\/p>\n","protected":false},"author":3,"featured_media":0,"comment_status":"closed","ping_status":"open","sticky":false,"template":"","format":"standard","meta":{"footnotes":""},"categories":[2,13],"tags":[],"class_list":["post-433","post","type-post","status-publish","format-standard","hentry","category-activitats-publiques","category-efemerides"],"_links":{"self":[{"href":"https:\/\/www.astrogarrotxa.cat\/index.php?rest_route=\/wp\/v2\/posts\/433"}],"collection":[{"href":"https:\/\/www.astrogarrotxa.cat\/index.php?rest_route=\/wp\/v2\/posts"}],"about":[{"href":"https:\/\/www.astrogarrotxa.cat\/index.php?rest_route=\/wp\/v2\/types\/post"}],"author":[{"embeddable":true,"href":"https:\/\/www.astrogarrotxa.cat\/index.php?rest_route=\/wp\/v2\/users\/3"}],"replies":[{"embeddable":true,"href":"https:\/\/www.astrogarrotxa.cat\/index.php?rest_route=%2Fwp%2Fv2%2Fcomments&post=433"}],"version-history":[{"count":3,"href":"https:\/\/www.astrogarrotxa.cat\/index.php?rest_route=\/wp\/v2\/posts\/433\/revisions"}],"predecessor-version":[{"id":438,"href":"https:\/\/www.astrogarrotxa.cat\/index.php?rest_route=\/wp\/v2\/posts\/433\/revisions\/438"}],"wp:attachment":[{"href":"https:\/\/www.astrogarrotxa.cat\/index.php?rest_route=%2Fwp%2Fv2%2Fmedia&parent=433"}],"wp:term":[{"taxonomy":"category","embeddable":true,"href":"https:\/\/www.astrogarrotxa.cat\/index.php?rest_route=%2Fwp%2Fv2%2Fcategories&post=433"},{"taxonomy":"post_tag","embeddable":true,"href":"https:\/\/www.astrogarrotxa.cat\/index.php?rest_route=%2Fwp%2Fv2%2Ftags&post=433"}],"curies":[{"name":"wp","href":"https:\/\/api.w.org\/{rel}","templated":true}]}}