{"id":381,"date":"2019-06-20T10:32:40","date_gmt":"2019-06-20T08:32:40","guid":{"rendered":"https:\/\/www.astrogarrotxa.cat\/?p=381"},"modified":"2019-06-20T10:32:40","modified_gmt":"2019-06-20T08:32:40","slug":"arriba-el-solstici-destiu-2019","status":"publish","type":"post","link":"https:\/\/www.astrogarrotxa.cat\/?p=381","title":{"rendered":"Arriba el Solstici d&#8217;Estiu 2019"},"content":{"rendered":"\n<figure class=\"wp-block-image\"><img loading=\"lazy\" decoding=\"async\" width=\"509\" height=\"269\" src=\"https:\/\/www.astrogarrotxa.cat\/wp-content\/uploads\/2019\/06\/translacio.jpg\" alt=\"\" class=\"wp-image-382\" srcset=\"https:\/\/www.astrogarrotxa.cat\/wp-content\/uploads\/2019\/06\/translacio.jpg 509w, https:\/\/www.astrogarrotxa.cat\/wp-content\/uploads\/2019\/06\/translacio-300x159.jpg 300w, https:\/\/www.astrogarrotxa.cat\/wp-content\/uploads\/2019\/06\/translacio-500x264.jpg 500w\" sizes=\"(max-width: 509px) 100vw, 509px\" \/><figcaption>Gr\u00e0fic extret de la XTEC<\/figcaption><\/figure>\n\n\n\n<p>El proper <strong>divendres 21 de juny, a les 17:55h<\/strong> hora catalana (15:55h GMT) hi haur\u00e0 el <strong>Solstici de l&#8217;Estiu del 2019<\/strong>, i entrarem en l&#8217;<strong>Estiu Astron\u00f2mic<\/strong>. Fins a la data conreta, la llum diurna s&#8217;ha anat s&#8217;ha anat allargant de mica en mica, des de l&#8217;anterior Solstici d&#8217;Hivern. A partir d&#8217;ara les hores de llum s&#8217;aniran escur\u00e7ant.<\/p>\n\n\n\n<p>L&#8217;inici de l&#8217;<strong>Estiu Astron\u00f2mic<\/strong> (varia cada any degut al movient de translaci\u00f3 de la Terra) difereix lleugerament de l&#8217;inici de l&#8217;<strong>Estiu Oficial<\/strong> (fixat cada any per calendari al 21 de juny)<\/p>\n\n\n\n<p>En aquest moment de <strong>Solstici d&#8217;Estiu<\/strong>, la Terra est\u00e0 en el seu punt m\u00e9s allunyat del Sol. Malgrat la dist\u00e0ncia, \u00e9s quan m\u00e9s calor fa a l&#8217;Hemisferi Nord. Aix\u00f2 \u00e9s degut a la inclinaci\u00f3 de l&#8217;eix de rotaci\u00f3 de la Terra, quan els raigs solars incid\u00e8ixen m\u00e9s perpendiculars a la superf\u00edcie de l&#8217;hemisferi nord, i m\u00e9s hores de llum tenim cada dia.<\/p>\n\n\n\n<p>Des d&#8217;Astrogarrotxa us desitgem un <strong>bon estiu<\/strong>, aprofitant les nits fresques per obserar el cel .<\/p>\n","protected":false},"excerpt":{"rendered":"<p>El proper divendres 21 de juny, a les 17:55h hora catalana (15:55h GMT) hi haur\u00e0 el Solstici de l&#8217;Estiu del 2019, i entrarem en l&#8217;Estiu Astron\u00f2mic. Fins a la data conreta, la llum diurna s&#8217;ha anat s&#8217;ha anat allargant de mica en mica, des de l&#8217;anterior Solstici d&#8217;Hivern. A partir d&#8217;ara les hores de llum [&hellip;]<\/p>\n","protected":false},"author":3,"featured_media":0,"comment_status":"closed","ping_status":"open","sticky":false,"template":"","format":"standard","meta":{"footnotes":""},"categories":[13],"tags":[],"class_list":["post-381","post","type-post","status-publish","format-standard","hentry","category-efemerides"],"_links":{"self":[{"href":"https:\/\/www.astrogarrotxa.cat\/index.php?rest_route=\/wp\/v2\/posts\/381"}],"collection":[{"href":"https:\/\/www.astrogarrotxa.cat\/index.php?rest_route=\/wp\/v2\/posts"}],"about":[{"href":"https:\/\/www.astrogarrotxa.cat\/index.php?rest_route=\/wp\/v2\/types\/post"}],"author":[{"embeddable":true,"href":"https:\/\/www.astrogarrotxa.cat\/index.php?rest_route=\/wp\/v2\/users\/3"}],"replies":[{"embeddable":true,"href":"https:\/\/www.astrogarrotxa.cat\/index.php?rest_route=%2Fwp%2Fv2%2Fcomments&post=381"}],"version-history":[{"count":1,"href":"https:\/\/www.astrogarrotxa.cat\/index.php?rest_route=\/wp\/v2\/posts\/381\/revisions"}],"predecessor-version":[{"id":383,"href":"https:\/\/www.astrogarrotxa.cat\/index.php?rest_route=\/wp\/v2\/posts\/381\/revisions\/383"}],"wp:attachment":[{"href":"https:\/\/www.astrogarrotxa.cat\/index.php?rest_route=%2Fwp%2Fv2%2Fmedia&parent=381"}],"wp:term":[{"taxonomy":"category","embeddable":true,"href":"https:\/\/www.astrogarrotxa.cat\/index.php?rest_route=%2Fwp%2Fv2%2Fcategories&post=381"},{"taxonomy":"post_tag","embeddable":true,"href":"https:\/\/www.astrogarrotxa.cat\/index.php?rest_route=%2Fwp%2Fv2%2Ftags&post=381"}],"curies":[{"name":"wp","href":"https:\/\/api.w.org\/{rel}","templated":true}]}}