{"id":343,"date":"2019-06-14T10:32:59","date_gmt":"2019-06-14T08:32:59","guid":{"rendered":"https:\/\/www.astrogarrotxa.cat\/?p=343"},"modified":"2019-06-21T13:54:44","modified_gmt":"2019-06-21T11:54:44","slug":"activitats-de-mirant-el-cel-juny-2019","status":"publish","type":"post","link":"https:\/\/www.astrogarrotxa.cat\/?p=343","title":{"rendered":"Activitats de Mirant el Cel (juny 2019)"},"content":{"rendered":"\n<figure class=\"wp-block-image\"><img loading=\"lazy\" decoding=\"async\" width=\"1024\" height=\"658\" src=\"https:\/\/www.astrogarrotxa.cat\/wp-content\/uploads\/2019\/06\/DolorsBoatella-Mirant-el-Cel-negre-1024x658.jpg\" alt=\"\" class=\"wp-image-344\" srcset=\"https:\/\/www.astrogarrotxa.cat\/wp-content\/uploads\/2019\/06\/DolorsBoatella-Mirant-el-Cel-negre-1024x658.jpg 1024w, https:\/\/www.astrogarrotxa.cat\/wp-content\/uploads\/2019\/06\/DolorsBoatella-Mirant-el-Cel-negre-300x193.jpg 300w, https:\/\/www.astrogarrotxa.cat\/wp-content\/uploads\/2019\/06\/DolorsBoatella-Mirant-el-Cel-negre-768x494.jpg 768w, https:\/\/www.astrogarrotxa.cat\/wp-content\/uploads\/2019\/06\/DolorsBoatella-Mirant-el-Cel-negre-467x300.jpg 467w, https:\/\/www.astrogarrotxa.cat\/wp-content\/uploads\/2019\/06\/DolorsBoatella-Mirant-el-Cel-negre.jpg 2048w\" sizes=\"(max-width: 1024px) 100vw, 1024px\" \/><\/figure>\n\n\n\n<p>Descobreix els misteris del cel d&#8217;estiu des de l&#8217;<strong>Observatori Astron\u00f2mic de Batet de la Serra<\/strong>. La visita consisteix en projeccions d&#8217;imatges i d&#8217;un audiovisual dins la sala. A continuaci\u00f3, a l&#8217;exterior de l&#8217;Observatori, <strong>contemplarem les estrelles<\/strong>, les <strong>constel\u00b7lacions<\/strong> i els <strong>planetes<\/strong> guiats de la m\u00e0 d&#8217;un expert d&#8217;Astrogarrotxa, sota l&#8217;esfera celeste en les refrescants nits d&#8217;estiu. Tamb\u00e9 es far\u00e0 <strong>observaci\u00f3 del cel a trav\u00e9s del telescopi<\/strong>, situat a la c\u00fapula girat\u00f2ria.<\/p>\n\n\n\n<p>L&#8217;activitat finalitzar\u00e0 amb un petit refrigeri.<\/p>\n\n\n\n<p>Dates disponibles: <strong>divendres 21<\/strong> i <strong>divendres 28<\/strong> de juny, a les <strong>22:15h<\/strong><br>Lloc: <strong><a href=\"https:\/\/goo.gl\/maps\/8eLPoQhK5oSiziV29\">Observatori Astron\u00f2mic de Batet de la Serra<\/a><\/strong> (fes click per a la ubicaci\u00f3 al Google Maps)<br>Preus: <strong>5\u20ac<\/strong> (fins a 10 anys) \/ <strong>10\u20ac<\/strong> (a partir d&#8217;11 anys)<br>Durada: <strong>90 minuts<\/strong><br>Inscripcions:  <strong>Oficina de Turisme d\u2019Olot<\/strong> (turisme@olot.cat  972260141) <\/p>\n\n\n\n<p>Podeu trobar <strong>la resta de dates d&#8217;observacions<\/strong> previstes per aquest estiu 2019 fent <a href=\"https:\/\/www.astrogarrotxa.cat\/?page_id=139\">cl<\/a><a href=\"https:\/\/www.astrogarrotxa.cat\/?post_type=tribe_events&amp;tribe_events_display=month\">ick sobre l&#8217;enlla\u00e7 d&#8217;activitats d&#8217;Astrograrrotxa<\/a>.<\/p>\n\n\n\n<p><\/p>\n","protected":false},"excerpt":{"rendered":"<p>Descobreix els misteris del cel d&#8217;estiu des de l&#8217;Observatori Astron\u00f2mic de Batet de la Serra. La visita consisteix en projeccions d&#8217;imatges i d&#8217;un audiovisual dins la sala. A continuaci\u00f3, a l&#8217;exterior de l&#8217;Observatori, contemplarem les estrelles, les constel\u00b7lacions i els planetes guiats de la m\u00e0 d&#8217;un expert d&#8217;Astrogarrotxa, sota l&#8217;esfera celeste en les refrescants nits [&hellip;]<\/p>\n","protected":false},"author":3,"featured_media":0,"comment_status":"closed","ping_status":"open","sticky":false,"template":"","format":"standard","meta":{"footnotes":""},"categories":[2],"tags":[],"class_list":["post-343","post","type-post","status-publish","format-standard","hentry","category-activitats-publiques"],"_links":{"self":[{"href":"https:\/\/www.astrogarrotxa.cat\/index.php?rest_route=\/wp\/v2\/posts\/343"}],"collection":[{"href":"https:\/\/www.astrogarrotxa.cat\/index.php?rest_route=\/wp\/v2\/posts"}],"about":[{"href":"https:\/\/www.astrogarrotxa.cat\/index.php?rest_route=\/wp\/v2\/types\/post"}],"author":[{"embeddable":true,"href":"https:\/\/www.astrogarrotxa.cat\/index.php?rest_route=\/wp\/v2\/users\/3"}],"replies":[{"embeddable":true,"href":"https:\/\/www.astrogarrotxa.cat\/index.php?rest_route=%2Fwp%2Fv2%2Fcomments&post=343"}],"version-history":[{"count":5,"href":"https:\/\/www.astrogarrotxa.cat\/index.php?rest_route=\/wp\/v2\/posts\/343\/revisions"}],"predecessor-version":[{"id":475,"href":"https:\/\/www.astrogarrotxa.cat\/index.php?rest_route=\/wp\/v2\/posts\/343\/revisions\/475"}],"wp:attachment":[{"href":"https:\/\/www.astrogarrotxa.cat\/index.php?rest_route=%2Fwp%2Fv2%2Fmedia&parent=343"}],"wp:term":[{"taxonomy":"category","embeddable":true,"href":"https:\/\/www.astrogarrotxa.cat\/index.php?rest_route=%2Fwp%2Fv2%2Fcategories&post=343"},{"taxonomy":"post_tag","embeddable":true,"href":"https:\/\/www.astrogarrotxa.cat\/index.php?rest_route=%2Fwp%2Fv2%2Ftags&post=343"}],"curies":[{"name":"wp","href":"https:\/\/api.w.org\/{rel}","templated":true}]}}